{"id":6008,"date":"2022-10-27T14:45:00","date_gmt":"2022-10-27T12:45:00","guid":{"rendered":"https:\/\/daes.pro\/unkategorisiert\/mondial-de-lauto\/"},"modified":"2023-11-15T17:14:08","modified_gmt":"2023-11-15T16:14:08","slug":"mondial-de-lauto","status":"publish","type":"post","link":"https:\/\/daes.pro\/de\/news-de\/mondial-de-lauto\/","title":{"rendered":"Mondial de l&#8217;Auto"},"content":{"rendered":"\t\t<div data-elementor-type=\"wp-post\" data-elementor-id=\"6008\" class=\"elementor elementor-6008 elementor-3124\" data-elementor-post-type=\"post\">\n\t\t\t\t\t\t<section class=\"elementor-section elementor-top-section elementor-element elementor-element-2fb6de2b elementor-section-boxed elementor-section-height-default elementor-section-height-default\" data-id=\"2fb6de2b\" data-element_type=\"section\" data-settings=\"{&quot;jet_parallax_layout_list&quot;:[{&quot;jet_parallax_layout_image&quot;:{&quot;url&quot;:&quot;&quot;,&quot;id&quot;:&quot;&quot;,&quot;size&quot;:&quot;&quot;},&quot;_id&quot;:&quot;0079ebc&quot;,&quot;jet_parallax_layout_speed&quot;:{&quot;unit&quot;:&quot;%&quot;,&quot;size&quot;:&quot;50&quot;,&quot;sizes&quot;:[]},&quot;jet_parallax_layout_bg_x&quot;:&quot;50&quot;,&quot;jet_parallax_layout_bg_y&quot;:&quot;50&quot;,&quot;jet_parallax_layout_image_tablet&quot;:{&quot;url&quot;:&quot;&quot;,&quot;id&quot;:&quot;&quot;,&quot;size&quot;:&quot;&quot;},&quot;jet_parallax_layout_image_mobile&quot;:{&quot;url&quot;:&quot;&quot;,&quot;id&quot;:&quot;&quot;,&quot;size&quot;:&quot;&quot;},&quot;jet_parallax_layout_type&quot;:&quot;scroll&quot;,&quot;jet_parallax_layout_direction&quot;:null,&quot;jet_parallax_layout_fx_direction&quot;:null,&quot;jet_parallax_layout_z_index&quot;:&quot;&quot;,&quot;jet_parallax_layout_bg_x_tablet&quot;:&quot;&quot;,&quot;jet_parallax_layout_bg_x_mobile&quot;:&quot;&quot;,&quot;jet_parallax_layout_bg_y_tablet&quot;:&quot;&quot;,&quot;jet_parallax_layout_bg_y_mobile&quot;:&quot;&quot;,&quot;jet_parallax_layout_bg_size&quot;:&quot;auto&quot;,&quot;jet_parallax_layout_bg_size_tablet&quot;:&quot;&quot;,&quot;jet_parallax_layout_bg_size_mobile&quot;:&quot;&quot;,&quot;jet_parallax_layout_animation_prop&quot;:&quot;transform&quot;,&quot;jet_parallax_layout_on&quot;:[&quot;desktop&quot;,&quot;tablet&quot;]}]}\">\n\t\t\t\t\t\t<div class=\"elementor-container elementor-column-gap-default\">\n\t\t\t\t\t<div class=\"elementor-column elementor-col-66 elementor-top-column elementor-element elementor-element-5b6f382e\" data-id=\"5b6f382e\" data-element_type=\"column\">\n\t\t\t<div class=\"elementor-widget-wrap elementor-element-populated\">\n\t\t\t\t\t\t<div class=\"elementor-element elementor-element-2b0dc44c elementor-align-left elementor-mobile-align-center elementor-widget elementor-widget-raven-post-meta\" data-id=\"2b0dc44c\" data-element_type=\"widget\" data-widget_type=\"raven-post-meta.default\">\n\t\t\t\t<div class=\"elementor-widget-container\">\n\t\t\t\t\t<ul class=\"raven-inline-items raven-icon-list-items raven-post-meta\">\n\t\t\t\t\t<li class=\"raven-icon-list-item elementor-repeater-item-f8d3d44 raven-inline-item\" itemprop=\"datePublished\">\n\t\t\t\t\t\t\t\t\t\t\t\t\t<span class=\"raven-icon-list-text raven-post-meta-item raven-post-meta-item-type-date\">\n\t\t\t\t\t\t\t\t\t\tOktober 27, 2022\t\t\t\t\t<\/span>\n\t\t\t\t\t\t\t\t<\/li>\n\t\t\t\t<li class=\"raven-icon-list-item elementor-repeater-item-bbb15c9 raven-inline-item\" itemprop=\"about\">\n\t\t\t\t\t\t\t\t\t\t\t\t\t<span class=\"raven-icon-list-text raven-post-meta-item raven-post-meta-item-type-terms raven-terms-list\">\n\t\t\t\t\t\t\t\t\t\t<span class=\"raven-post-meta-terms-list\">\n\t\t\t\t<a href=\"https:\/\/daes.pro\/de\/category\/news-de\/\" class=\"raven-post-meta-terms-list-item\">News<\/a>\t\t\t\t<\/span>\n\t\t\t\t\t<\/span>\n\t\t\t\t\t\t\t\t<\/li>\n\t\t\t\t<\/ul>\n\t\t\t\t<\/div>\n\t\t\t\t<\/div>\n\t\t\t\t<div class=\"elementor-element elementor-element-589b7cb elementor-widget elementor-widget-heading\" data-id=\"589b7cb\" data-element_type=\"widget\" data-widget_type=\"heading.default\">\n\t\t\t\t<div class=\"elementor-widget-container\">\n\t\t\t<h3 class=\"elementor-heading-title elementor-size-default\">Mondial de l'Auto 2022: Das gro\u00dfe Fest f\u00fcr alle Autofans<\/h3>\t\t<\/div>\n\t\t\t\t<\/div>\n\t\t\t\t<div class=\"elementor-element elementor-element-1a3979c elementor-widget elementor-widget-text-editor\" data-id=\"1a3979c\" data-element_type=\"widget\" data-widget_type=\"text-editor.default\">\n\t\t\t\t<div class=\"elementor-widget-container\">\n\t\t\t\t\t\t\t<p>124 Jahre nach dem allerersten <a href=\"https:\/\/fr.wikipedia.org\/wiki\/Mondial_de_l'Automobile_de_Paris\">Pariser Autosalon<\/a> enth\u00fcllt sich eine neue Landschaft der Auto-Mobilit\u00e4t, getragen von jener Innovationskraft, die seit jeher die DNA der Automobilindustrie und ihrer Messe ist.<\/p>\n<p>Das Auto ist viel mehr als nur ein Mittel zur Fortbewegung. Sie regt zum Tr\u00e4umen an<\/p>\n\t\t\t\t\t\t<\/div>\n\t\t\t\t<\/div>\n\t\t\t\t<div class=\"elementor-element elementor-element-79d9b9a elementor-widget elementor-widget-video\" data-id=\"79d9b9a\" data-element_type=\"widget\" data-settings=\"{&quot;youtube_url&quot;:&quot;https:\\\/\\\/youtu.be\\\/MoK9N4BJISo&quot;,&quot;video_type&quot;:&quot;youtube&quot;,&quot;controls&quot;:&quot;yes&quot;}\" data-widget_type=\"video.default\">\n\t\t\t\t<div class=\"elementor-widget-container\">\n\t\t\t\t\t<div class=\"elementor-wrapper elementor-open-inline\">\n\t\t\t<div class=\"elementor-video\"><\/div>\t\t<\/div>\n\t\t\t\t<\/div>\n\t\t\t\t<\/div>\n\t\t\t\t\t<\/div>\n\t\t<\/div>\n\t\t\t\t<div class=\"elementor-column elementor-col-33 elementor-top-column elementor-element elementor-element-74a7bd46\" data-id=\"74a7bd46\" data-element_type=\"column\">\n\t\t\t<div class=\"elementor-widget-wrap elementor-element-populated\">\n\t\t\t\t\t\t<div class=\"elementor-element elementor-element-7c7116f2 elementor-widget elementor-widget-sidebar\" data-id=\"7c7116f2\" data-element_type=\"widget\" data-widget_type=\"sidebar.default\">\n\t\t\t\t<div class=\"elementor-widget-container\">\n\t\t\t<div id=\"block-5\" class=\"jupiterx-widget widget_block block-5 widget_block\"><div class=\"jupiterx-widget-content\">\n<div class=\"wp-block-group\"><div class=\"wp-block-group__inner-container is-layout-flow wp-block-group-is-layout-flow\">\n<h4 class=\"wp-block-heading\">Kategorien<\/h4>\n\n\n<ul class=\"wp-block-categories-list wp-block-categories\">\t<li class=\"cat-item cat-item-141\"><a href=\"https:\/\/daes.pro\/de\/category\/artikel\/\">Artikel<\/a>\n<\/li>\n\t<li class=\"cat-item cat-item-245\"><a href=\"https:\/\/daes.pro\/de\/category\/karriere\/\">Karriere<\/a>\n<\/li>\n\t<li class=\"cat-item cat-item-138\"><a href=\"https:\/\/daes.pro\/de\/category\/news-de\/\">News<\/a>\n<\/li>\n\t<li class=\"cat-item cat-item-248\"><a href=\"https:\/\/daes.pro\/de\/category\/nicht-klassifiziert\/\">Nicht klassifiziert<\/a>\n<\/li>\n<\/ul>\n\n\n<h4 class=\"wp-block-heading arch\">Berufe<\/h4>\n\n\n<p class=\"wp-block-tag-cloud\"><a href=\"https:\/\/daes.pro\/de\/tag\/apps-de\/\" class=\"tag-cloud-link tag-link-156 btn btn-light tag-link-position-1\" style=\"font-size: 10pt;\" aria-label=\"Apps (5\u00a0Eintr\u00e4ge)\">Apps<\/a>\n<a href=\"https:\/\/daes.pro\/de\/tag\/cfd-de\/\" class=\"tag-cloud-link tag-link-142 btn btn-light tag-link-position-2\" style=\"font-size: 10pt;\" aria-label=\"CFD (6\u00a0Eintr\u00e4ge)\">CFD<\/a>\n<a href=\"https:\/\/daes.pro\/de\/tag\/cleantech-energien\/\" class=\"tag-cloud-link tag-link-236 btn btn-light tag-link-position-3\" style=\"font-size: 10pt;\" aria-label=\"CleanTech-Energien (1\u00a0Eintrag)\">CleanTech-Energien<\/a>\n<a href=\"https:\/\/daes.pro\/de\/tag\/design-thinking-engineering-de\/\" class=\"tag-cloud-link tag-link-161 btn btn-light tag-link-position-4\" style=\"font-size: 10pt;\" aria-label=\"Design thinking engineering (2\u00a0Eintr\u00e4ge)\">Design thinking engineering<\/a>\n<a href=\"https:\/\/daes.pro\/de\/tag\/dynamische-analyse\/\" class=\"tag-cloud-link tag-link-239 btn btn-light tag-link-position-5\" style=\"font-size: 10pt;\" aria-label=\"Dynamische Analyse (3\u00a0Eintr\u00e4ge)\">Dynamische Analyse<\/a>\n<a href=\"https:\/\/daes.pro\/de\/tag\/elektromagnetische-analyse\/\" class=\"tag-cloud-link tag-link-152 btn btn-light tag-link-position-6\" style=\"font-size: 10pt;\" aria-label=\"Elektromagnetische Analyse (2\u00a0Eintr\u00e4ge)\">Elektromagnetische Analyse<\/a>\n<a href=\"https:\/\/daes.pro\/de\/tag\/mechanische-analyse\/\" class=\"tag-cloud-link tag-link-251 btn btn-light tag-link-position-7\" style=\"font-size: 10pt;\" aria-label=\"Mechanische Analyse (1\u00a0Eintrag)\">Mechanische Analyse<\/a>\n<a href=\"https:\/\/daes.pro\/de\/tag\/nuklear\/\" class=\"tag-cloud-link tag-link-162 btn btn-light tag-link-position-8\" style=\"font-size: 10pt;\" aria-label=\"Nuklear (6\u00a0Eintr\u00e4ge)\">Nuklear<\/a>\n<a href=\"https:\/\/daes.pro\/de\/tag\/simulation-der-teilchenphysik\/\" class=\"tag-cloud-link tag-link-155 btn btn-light tag-link-position-9\" style=\"font-size: 10pt;\" aria-label=\"Simulation der Teilchenphysik (2\u00a0Eintr\u00e4ge)\">Simulation der Teilchenphysik<\/a>\n<a href=\"https:\/\/daes.pro\/de\/tag\/simulation-von-prozessen\/\" class=\"tag-cloud-link tag-link-143 btn btn-light tag-link-position-10\" style=\"font-size: 10pt;\" aria-label=\"Simulation von Prozessen (1\u00a0Eintrag)\">Simulation von Prozessen<\/a>\n<a href=\"https:\/\/daes.pro\/de\/tag\/thermomechanik\/\" class=\"tag-cloud-link tag-link-165 btn btn-light tag-link-position-11\" style=\"font-size: 10pt;\" aria-label=\"Thermomechanik (2\u00a0Eintr\u00e4ge)\">Thermomechanik<\/a><\/p><\/div><\/div>\n<\/div><\/div><span class=\"jupiterx-widget-divider\"><\/span><div id=\"block-8\" class=\"jupiterx-widget widget_block block-8 widget_block\"><div class=\"jupiterx-widget-content\">\n<div class=\"wp-block-columns is-layout-flex wp-container-core-columns-is-layout-9d6595d7 wp-block-columns-is-layout-flex\"><\/div>\n<\/div><\/div><span class=\"jupiterx-widget-divider\"><\/span><div id=\"block-9\" class=\"jupiterx-widget widget_block block-9 widget_block\"><div class=\"jupiterx-widget-content\">\n<ul class=\"wp-block-list\">\n<li><\/li>\n\n\n\n<li><\/li>\n<\/ul>\n<\/div><\/div><span class=\"jupiterx-widget-divider\"><\/span>\t\t<\/div>\n\t\t\t\t<\/div>\n\t\t\t\t\t<\/div>\n\t\t<\/div>\n\t\t\t\t\t<\/div>\n\t\t<\/section>\n\t\t\t\t<\/div>\n\t\t","protected":false},"excerpt":{"rendered":"<p>Mondial de l&#8217;Auto 2022: Das gro\u00dfe Fest f\u00fcr alle Autofans 124 Jahre nach dem allerersten Pariser Autosalon enth\u00fcllt sich eine neue Landschaft der Auto-Mobilit\u00e4t, getragen von jener Innovationskraft, die seit jeher die DNA der Automobilindustrie und ihrer Messe ist. Das Auto ist viel mehr als nur ein Mittel zur Fortbewegung. Sie regt zum Tr\u00e4umen an<\/p>\n","protected":false},"author":1,"featured_media":5638,"comment_status":"open","ping_status":"open","sticky":false,"template":"elementor_header_footer","format":"standard","meta":{"_acf_changed":false,"content-type":"","footnotes":""},"categories":[138],"tags":[],"etiquettes":[],"class_list":["post-6008","post","type-post","status-publish","format-standard","has-post-thumbnail","hentry","category-news-de"],"acf":[],"yoast_head":"<!-- This site is optimized with the Yoast SEO plugin v23.9 - https:\/\/yoast.com\/wordpress\/plugins\/seo\/ -->\n<title>Mondial de l&#039;Auto - Development of Advanced Engineering Solutions<\/title>\n<meta name=\"robots\" content=\"index, follow, max-snippet:-1, max-image-preview:large, max-video-preview:-1\" \/>\n<link rel=\"canonical\" href=\"https:\/\/daes.pro\/de\/news-de\/mondial-de-lauto\/\" \/>\n<meta property=\"og:locale\" content=\"de_DE\" \/>\n<meta property=\"og:type\" content=\"article\" \/>\n<meta property=\"og:title\" content=\"Mondial de l&#039;Auto - Development of Advanced Engineering Solutions\" \/>\n<meta property=\"og:description\" content=\"Mondial de l&#8217;Auto 2022: Das gro\u00dfe Fest f\u00fcr alle Autofans 124 Jahre nach dem allerersten Pariser Autosalon enth\u00fcllt sich eine neue Landschaft der Auto-Mobilit\u00e4t, getragen von jener Innovationskraft, die seit jeher die DNA der Automobilindustrie und ihrer Messe ist. Das Auto ist viel mehr als nur ein Mittel zur Fortbewegung. Sie regt zum Tr\u00e4umen an\" \/>\n<meta property=\"og:url\" content=\"https:\/\/daes.pro\/de\/news-de\/mondial-de-lauto\/\" \/>\n<meta property=\"og:site_name\" content=\"Development of Advanced Engineering Solutions\" \/>\n<meta property=\"article:published_time\" content=\"2022-10-27T12:45:00+00:00\" \/>\n<meta property=\"article:modified_time\" content=\"2023-11-15T16:14:08+00:00\" \/>\n<meta property=\"og:image\" content=\"https:\/\/daes.pro\/wp-content\/uploads\/2023\/03\/vignette-mondial-de-lauto.jpg\" \/>\n\t<meta property=\"og:image:width\" content=\"900\" \/>\n\t<meta property=\"og:image:height\" content=\"600\" \/>\n\t<meta property=\"og:image:type\" content=\"image\/jpeg\" \/>\n<meta name=\"author\" content=\"Abdessamad\" \/>\n<meta name=\"twitter:card\" content=\"summary_large_image\" \/>\n<meta name=\"twitter:creator\" content=\"@DAES_GENEVE\" \/>\n<meta name=\"twitter:site\" content=\"@DAES_GENEVE\" \/>\n<meta name=\"twitter:label1\" content=\"Verfasst von\" \/>\n\t<meta name=\"twitter:data1\" content=\"Abdessamad\" \/>\n<script type=\"application\/ld+json\" class=\"yoast-schema-graph\">{\"@context\":\"https:\/\/schema.org\",\"@graph\":[{\"@type\":\"Article\",\"@id\":\"https:\/\/daes.pro\/de\/news-de\/mondial-de-lauto\/#article\",\"isPartOf\":{\"@id\":\"https:\/\/daes.pro\/de\/news-de\/mondial-de-lauto\/\"},\"author\":{\"name\":\"Abdessamad\",\"@id\":\"https:\/\/daes.pro\/de\/#\/schema\/person\/9b0b3235cbecb88d6d8380ea2c02947a\"},\"headline\":\"Mondial de l&#8217;Auto\",\"datePublished\":\"2022-10-27T12:45:00+00:00\",\"dateModified\":\"2023-11-15T16:14:08+00:00\",\"mainEntityOfPage\":{\"@id\":\"https:\/\/daes.pro\/de\/news-de\/mondial-de-lauto\/\"},\"wordCount\":67,\"commentCount\":0,\"publisher\":{\"@id\":\"https:\/\/daes.pro\/de\/#organization\"},\"image\":{\"@id\":\"https:\/\/daes.pro\/de\/news-de\/mondial-de-lauto\/#primaryimage\"},\"thumbnailUrl\":\"https:\/\/daes.pro\/wp-content\/uploads\/2023\/03\/vignette-mondial-de-lauto.jpg\",\"articleSection\":[\"News\"],\"inLanguage\":\"de\",\"potentialAction\":[{\"@type\":\"CommentAction\",\"name\":\"Comment\",\"target\":[\"https:\/\/daes.pro\/de\/news-de\/mondial-de-lauto\/#respond\"]}]},{\"@type\":\"WebPage\",\"@id\":\"https:\/\/daes.pro\/de\/news-de\/mondial-de-lauto\/\",\"url\":\"https:\/\/daes.pro\/de\/news-de\/mondial-de-lauto\/\",\"name\":\"Mondial de l'Auto - Development of Advanced Engineering Solutions\",\"isPartOf\":{\"@id\":\"https:\/\/daes.pro\/de\/#website\"},\"primaryImageOfPage\":{\"@id\":\"https:\/\/daes.pro\/de\/news-de\/mondial-de-lauto\/#primaryimage\"},\"image\":{\"@id\":\"https:\/\/daes.pro\/de\/news-de\/mondial-de-lauto\/#primaryimage\"},\"thumbnailUrl\":\"https:\/\/daes.pro\/wp-content\/uploads\/2023\/03\/vignette-mondial-de-lauto.jpg\",\"datePublished\":\"2022-10-27T12:45:00+00:00\",\"dateModified\":\"2023-11-15T16:14:08+00:00\",\"inLanguage\":\"de\",\"potentialAction\":[{\"@type\":\"ReadAction\",\"target\":[\"https:\/\/daes.pro\/de\/news-de\/mondial-de-lauto\/\"]}]},{\"@type\":\"ImageObject\",\"inLanguage\":\"de\",\"@id\":\"https:\/\/daes.pro\/de\/news-de\/mondial-de-lauto\/#primaryimage\",\"url\":\"https:\/\/daes.pro\/wp-content\/uploads\/2023\/03\/vignette-mondial-de-lauto.jpg\",\"contentUrl\":\"https:\/\/daes.pro\/wp-content\/uploads\/2023\/03\/vignette-mondial-de-lauto.jpg\",\"width\":900,\"height\":600,\"caption\":\"vignette mondial de lauto\"},{\"@type\":\"WebSite\",\"@id\":\"https:\/\/daes.pro\/de\/#website\",\"url\":\"https:\/\/daes.pro\/de\/\",\"name\":\"Development of Advanced Engineering Solutions\",\"description\":\"Des solutions pragmatiques pour vos d\u00e9fis d&#039;ing\u00e9nierie\",\"publisher\":{\"@id\":\"https:\/\/daes.pro\/de\/#organization\"},\"potentialAction\":[{\"@type\":\"SearchAction\",\"target\":{\"@type\":\"EntryPoint\",\"urlTemplate\":\"https:\/\/daes.pro\/de\/?s={search_term_string}\"},\"query-input\":{\"@type\":\"PropertyValueSpecification\",\"valueRequired\":true,\"valueName\":\"search_term_string\"}}],\"inLanguage\":\"de\"},{\"@type\":\"Organization\",\"@id\":\"https:\/\/daes.pro\/de\/#organization\",\"name\":\"DAES SA\",\"alternateName\":\"Development of Advanced Engineering Solutions\",\"url\":\"https:\/\/daes.pro\/de\/\",\"logo\":{\"@type\":\"ImageObject\",\"inLanguage\":\"de\",\"@id\":\"https:\/\/daes.pro\/de\/#\/schema\/logo\/image\/\",\"url\":\"https:\/\/daes.pro\/wp-content\/uploads\/2022\/09\/cropped-Logo-DAES.png\",\"contentUrl\":\"https:\/\/daes.pro\/wp-content\/uploads\/2022\/09\/cropped-Logo-DAES.png\",\"width\":512,\"height\":512,\"caption\":\"DAES SA\"},\"image\":{\"@id\":\"https:\/\/daes.pro\/de\/#\/schema\/logo\/image\/\"},\"sameAs\":[\"https:\/\/x.com\/DAES_GENEVE\",\"https:\/\/www.linkedin.com\/company\/daes-sa\/\",\"https:\/\/www.youtube.com\/channel\/UCbUYhhZYofJBJ8ibSBET8hA?pbjreload=101\"]},{\"@type\":\"Person\",\"@id\":\"https:\/\/daes.pro\/de\/#\/schema\/person\/9b0b3235cbecb88d6d8380ea2c02947a\",\"name\":\"Abdessamad\",\"image\":{\"@type\":\"ImageObject\",\"inLanguage\":\"de\",\"@id\":\"https:\/\/daes.pro\/de\/#\/schema\/person\/image\/\",\"url\":\"https:\/\/secure.gravatar.com\/avatar\/80ebb27d34cb66412c9ddac831d8199d929304bf6aabeac5b727a218420716d9?s=96&d=mm&r=g\",\"contentUrl\":\"https:\/\/secure.gravatar.com\/avatar\/80ebb27d34cb66412c9ddac831d8199d929304bf6aabeac5b727a218420716d9?s=96&d=mm&r=g\",\"caption\":\"Abdessamad\"},\"sameAs\":[\"https:\/\/daes.pro\"]}]}<\/script>\n<!-- \/ Yoast SEO plugin. -->","yoast_head_json":{"title":"Mondial de l'Auto - Development of Advanced Engineering Solutions","robots":{"index":"index","follow":"follow","max-snippet":"max-snippet:-1","max-image-preview":"max-image-preview:large","max-video-preview":"max-video-preview:-1"},"canonical":"https:\/\/daes.pro\/de\/news-de\/mondial-de-lauto\/","og_locale":"de_DE","og_type":"article","og_title":"Mondial de l'Auto - Development of Advanced Engineering Solutions","og_description":"Mondial de l&#8217;Auto 2022: Das gro\u00dfe Fest f\u00fcr alle Autofans 124 Jahre nach dem allerersten Pariser Autosalon enth\u00fcllt sich eine neue Landschaft der Auto-Mobilit\u00e4t, getragen von jener Innovationskraft, die seit jeher die DNA der Automobilindustrie und ihrer Messe ist. Das Auto ist viel mehr als nur ein Mittel zur Fortbewegung. Sie regt zum Tr\u00e4umen an","og_url":"https:\/\/daes.pro\/de\/news-de\/mondial-de-lauto\/","og_site_name":"Development of Advanced Engineering Solutions","article_published_time":"2022-10-27T12:45:00+00:00","article_modified_time":"2023-11-15T16:14:08+00:00","og_image":[{"width":900,"height":600,"url":"https:\/\/daes.pro\/wp-content\/uploads\/2023\/03\/vignette-mondial-de-lauto.jpg","type":"image\/jpeg"}],"author":"Abdessamad","twitter_card":"summary_large_image","twitter_creator":"@DAES_GENEVE","twitter_site":"@DAES_GENEVE","twitter_misc":{"Verfasst von":"Abdessamad"},"schema":{"@context":"https:\/\/schema.org","@graph":[{"@type":"Article","@id":"https:\/\/daes.pro\/de\/news-de\/mondial-de-lauto\/#article","isPartOf":{"@id":"https:\/\/daes.pro\/de\/news-de\/mondial-de-lauto\/"},"author":{"name":"Abdessamad","@id":"https:\/\/daes.pro\/de\/#\/schema\/person\/9b0b3235cbecb88d6d8380ea2c02947a"},"headline":"Mondial de l&#8217;Auto","datePublished":"2022-10-27T12:45:00+00:00","dateModified":"2023-11-15T16:14:08+00:00","mainEntityOfPage":{"@id":"https:\/\/daes.pro\/de\/news-de\/mondial-de-lauto\/"},"wordCount":67,"commentCount":0,"publisher":{"@id":"https:\/\/daes.pro\/de\/#organization"},"image":{"@id":"https:\/\/daes.pro\/de\/news-de\/mondial-de-lauto\/#primaryimage"},"thumbnailUrl":"https:\/\/daes.pro\/wp-content\/uploads\/2023\/03\/vignette-mondial-de-lauto.jpg","articleSection":["News"],"inLanguage":"de","potentialAction":[{"@type":"CommentAction","name":"Comment","target":["https:\/\/daes.pro\/de\/news-de\/mondial-de-lauto\/#respond"]}]},{"@type":"WebPage","@id":"https:\/\/daes.pro\/de\/news-de\/mondial-de-lauto\/","url":"https:\/\/daes.pro\/de\/news-de\/mondial-de-lauto\/","name":"Mondial de l'Auto - Development of Advanced Engineering Solutions","isPartOf":{"@id":"https:\/\/daes.pro\/de\/#website"},"primaryImageOfPage":{"@id":"https:\/\/daes.pro\/de\/news-de\/mondial-de-lauto\/#primaryimage"},"image":{"@id":"https:\/\/daes.pro\/de\/news-de\/mondial-de-lauto\/#primaryimage"},"thumbnailUrl":"https:\/\/daes.pro\/wp-content\/uploads\/2023\/03\/vignette-mondial-de-lauto.jpg","datePublished":"2022-10-27T12:45:00+00:00","dateModified":"2023-11-15T16:14:08+00:00","inLanguage":"de","potentialAction":[{"@type":"ReadAction","target":["https:\/\/daes.pro\/de\/news-de\/mondial-de-lauto\/"]}]},{"@type":"ImageObject","inLanguage":"de","@id":"https:\/\/daes.pro\/de\/news-de\/mondial-de-lauto\/#primaryimage","url":"https:\/\/daes.pro\/wp-content\/uploads\/2023\/03\/vignette-mondial-de-lauto.jpg","contentUrl":"https:\/\/daes.pro\/wp-content\/uploads\/2023\/03\/vignette-mondial-de-lauto.jpg","width":900,"height":600,"caption":"vignette mondial de lauto"},{"@type":"WebSite","@id":"https:\/\/daes.pro\/de\/#website","url":"https:\/\/daes.pro\/de\/","name":"Development of Advanced Engineering Solutions","description":"Des solutions pragmatiques pour vos d\u00e9fis d&#039;ing\u00e9nierie","publisher":{"@id":"https:\/\/daes.pro\/de\/#organization"},"potentialAction":[{"@type":"SearchAction","target":{"@type":"EntryPoint","urlTemplate":"https:\/\/daes.pro\/de\/?s={search_term_string}"},"query-input":{"@type":"PropertyValueSpecification","valueRequired":true,"valueName":"search_term_string"}}],"inLanguage":"de"},{"@type":"Organization","@id":"https:\/\/daes.pro\/de\/#organization","name":"DAES SA","alternateName":"Development of Advanced Engineering Solutions","url":"https:\/\/daes.pro\/de\/","logo":{"@type":"ImageObject","inLanguage":"de","@id":"https:\/\/daes.pro\/de\/#\/schema\/logo\/image\/","url":"https:\/\/daes.pro\/wp-content\/uploads\/2022\/09\/cropped-Logo-DAES.png","contentUrl":"https:\/\/daes.pro\/wp-content\/uploads\/2022\/09\/cropped-Logo-DAES.png","width":512,"height":512,"caption":"DAES SA"},"image":{"@id":"https:\/\/daes.pro\/de\/#\/schema\/logo\/image\/"},"sameAs":["https:\/\/x.com\/DAES_GENEVE","https:\/\/www.linkedin.com\/company\/daes-sa\/","https:\/\/www.youtube.com\/channel\/UCbUYhhZYofJBJ8ibSBET8hA?pbjreload=101"]},{"@type":"Person","@id":"https:\/\/daes.pro\/de\/#\/schema\/person\/9b0b3235cbecb88d6d8380ea2c02947a","name":"Abdessamad","image":{"@type":"ImageObject","inLanguage":"de","@id":"https:\/\/daes.pro\/de\/#\/schema\/person\/image\/","url":"https:\/\/secure.gravatar.com\/avatar\/80ebb27d34cb66412c9ddac831d8199d929304bf6aabeac5b727a218420716d9?s=96&d=mm&r=g","contentUrl":"https:\/\/secure.gravatar.com\/avatar\/80ebb27d34cb66412c9ddac831d8199d929304bf6aabeac5b727a218420716d9?s=96&d=mm&r=g","caption":"Abdessamad"},"sameAs":["https:\/\/daes.pro"]}]}},"_links":{"self":[{"href":"https:\/\/daes.pro\/de\/wp-json\/wp\/v2\/posts\/6008","targetHints":{"allow":["GET"]}}],"collection":[{"href":"https:\/\/daes.pro\/de\/wp-json\/wp\/v2\/posts"}],"about":[{"href":"https:\/\/daes.pro\/de\/wp-json\/wp\/v2\/types\/post"}],"author":[{"embeddable":true,"href":"https:\/\/daes.pro\/de\/wp-json\/wp\/v2\/users\/1"}],"replies":[{"embeddable":true,"href":"https:\/\/daes.pro\/de\/wp-json\/wp\/v2\/comments?post=6008"}],"version-history":[{"count":2,"href":"https:\/\/daes.pro\/de\/wp-json\/wp\/v2\/posts\/6008\/revisions"}],"predecessor-version":[{"id":6011,"href":"https:\/\/daes.pro\/de\/wp-json\/wp\/v2\/posts\/6008\/revisions\/6011"}],"wp:featuredmedia":[{"embeddable":true,"href":"https:\/\/daes.pro\/de\/wp-json\/wp\/v2\/media\/5638"}],"wp:attachment":[{"href":"https:\/\/daes.pro\/de\/wp-json\/wp\/v2\/media?parent=6008"}],"wp:term":[{"taxonomy":"category","embeddable":true,"href":"https:\/\/daes.pro\/de\/wp-json\/wp\/v2\/categories?post=6008"},{"taxonomy":"post_tag","embeddable":true,"href":"https:\/\/daes.pro\/de\/wp-json\/wp\/v2\/tags?post=6008"},{"taxonomy":"etiquettes","embeddable":true,"href":"https:\/\/daes.pro\/de\/wp-json\/wp\/v2\/etiquettes?post=6008"}],"curies":[{"name":"wp","href":"https:\/\/api.w.org\/{rel}","templated":true}]}}